{"id":9969,"date":"2026-03-18T09:50:35","date_gmt":"2026-03-18T09:50:35","guid":{"rendered":"https:\/\/primeajans.com\/?p=9969"},"modified":"2026-03-18T09:50:37","modified_gmt":"2026-03-18T09:50:37","slug":"conexpo-2026dan-yukselen-sinyaller-insaat-sektoru-demirden-zekaya-evriliyor","status":"publish","type":"post","link":"https:\/\/primeajans.com\/tr\/conexpo-2026dan-yukselen-sinyaller-insaat-sektoru-demirden-zekaya-evriliyor\/","title":{"rendered":"CONEXPO 2026\u2019dan Y\u00fckselen Sinyaller: \u0130n\u015faat Sekt\u00f6r\u00fc \u201cDemirden Zekaya\u201d Evriliyor"},"content":{"rendered":"\n<p>Kuzey Amerika\u2019n\u0131n en b\u00fcy\u00fck in\u015faat fuar\u0131 olan CONEXPO-CON\/AGG, her \u00fc\u00e7 y\u0131lda bir oldu\u011fu gibi bu y\u0131l da sekt\u00f6r\u00fcn gelece\u011fine dair kritik ipu\u00e7lar\u0131 sundu. Ancak 2026 bulu\u015fmas\u0131, \u00f6ncekilerden farkl\u0131 olarak, sadece daha b\u00fcy\u00fck ve g\u00fc\u00e7l\u00fc makinelerin sergilendi\u011fi bir arena olman\u0131n \u00f6tesine ge\u00e7ti. Las Vegas\u2019tan yay\u0131lan en g\u00fc\u00e7l\u00fc sinyal, sekt\u00f6r\u00fcn geri d\u00f6n\u00fclmez bir \u015fekilde \u201cDemirden Zekaya\u201d (Iron to Intelligence) evrildi\u011fiydi. Prime Ajans olarak, 110\u2019dan fazla bas\u0131n b\u00fclteni, 12 liderlik oturumu ve y\u00fczlerce yenilik\u00e7i \u00fcr\u00fcn\u00fc analiz ederek, bu d\u00f6n\u00fc\u015f\u00fcm\u00fcn \u015fifrelerini ta\u015f\u0131yan 12 stratejik sinyali sizler i\u00e7in derledik.<\/p>\n\n\n\n<h2 class=\"wp-block-heading\">Giri\u015f: Neden \u201cDemirden Zekaya\u201d D\u00f6n\u00fc\u015f\u00fcm\u00fc Ka\u00e7\u0131n\u0131lmaz?<\/h2>\n\n\n\n<p>\u0130n\u015faat sekt\u00f6r\u00fc, tarihinin en b\u00fcy\u00fck zorluklar\u0131ndan ikisiyle ayn\u0131 anda y\u00fczle\u015fiyor: kronik i\u015f g\u00fcc\u00fc k\u0131tl\u0131\u011f\u0131 ve artan verimlilik bask\u0131s\u0131. Geleneksel y\u00f6ntemlerle bu denklemi \u00e7\u00f6zmek art\u0131k imkans\u0131z. CONEXPO 2026\u2019da \u00f6ne \u00e7\u0131kan t\u00fcm yenilikler, bu iki temel soruna teknoloji odakl\u0131 \u00e7\u00f6z\u00fcmler sunma amac\u0131 ta\u015f\u0131yordu. Art\u0131k bir makinenin de\u011feri, sadece beygir g\u00fcc\u00fc veya kald\u0131rma kapasitesiyle de\u011fil, \u00fcretti\u011fi veri, otonom yetenekleri ve ekosistemle entegrasyonuyla \u00f6l\u00e7\u00fcl\u00fcyor. \u0130\u015fte bu yeni paradigmay\u0131 \u015fekillendiren 12 stratejik sinyal:<\/p>\n\n\n\n<h3 class=\"wp-block-heading\">1. Veri Odakl\u0131 \u015eantiye: Yeni Alt\u0131n Veri<\/h3>\n\n\n\n<p>\u015eantiyeler art\u0131k birer veri madeni. Her ekskavat\u00f6r kep\u00e7esi, her kamyon hareketi ve her beton mikseri d\u00f6n\u00fc\u015f\u00fc, operasyonel verimlili\u011fi art\u0131racak de\u011ferli bilgiler \u00fcretiyor. John Deere ve Caterpillar gibi devler, makinelerini art\u0131k birer \u201csens\u00f6r merkezi\u201d olarak konumland\u0131r\u0131yor. Bu veriler, yak\u0131t t\u00fcketimini optimize etmekten, bak\u0131m s\u00fcre\u00e7lerini \u00f6ng\u00f6rmeye ve proje takvimlerini daha isabetli hale getirmeye kadar geni\u015f bir yelpazede kullan\u0131l\u0131yor. Veriyi stratejik bir varl\u0131k olarak y\u00f6netemeyen \u015firketlerin rekabette geri kalaca\u011f\u0131 bir d\u00f6neme girdik.<\/p>\n\n\n\n<h3 class=\"wp-block-heading\">2. AI ile Uzmanl\u0131\u011f\u0131n Demokratikle\u015fmesi<\/h3>\n\n\n\n<p>\u201cUsta\u201d bulman\u0131n zorla\u015ft\u0131\u011f\u0131 bir d\u00f6nemde, yapay zeka (AI) en iyi yard\u0131mc\u0131m\u0131z olmaya aday. AI destekli sistemler, deneyimsiz operat\u00f6rlerin bile karma\u015f\u0131k g\u00f6revleri daha g\u00fcvenli ve verimli bir \u015fekilde yapmas\u0131n\u0131 sa\u011fl\u0131yor. \u00d6rne\u011fin, AI tabanl\u0131 g\u00f6r\u00fcnt\u00fc i\u015fleme, bir ekskavat\u00f6r\u00fcn kaz\u0131 alan\u0131n\u0131 otomatik olarak tan\u0131mas\u0131na ve operat\u00f6re en do\u011fru hareketleri \u00f6nermesine olanak tan\u0131yor. Bu, hem i\u015f g\u00fcc\u00fc a\u00e7\u0131\u011f\u0131na bir \u00e7\u00f6z\u00fcm sunuyor hem de sahadaki kalite standard\u0131n\u0131 y\u00fckseltiyor.<\/p>\n\n\n\n<h3 class=\"wp-block-heading\">3. OEM-Agnostik Otomasyonun Y\u00fckseli\u015fi<\/h3>\n\n\n\n<p>Ge\u00e7mi\u015fte otomasyon, genellikle tek bir markan\u0131n kapal\u0131 ekosistemi i\u00e7inde m\u00fcmk\u00fcnd\u00fc. Ancak g\u00fcn\u00fcm\u00fcz \u015fantiyeleri, farkl\u0131 markalardan olu\u015fan karma filolara sahip. CONEXPO\u2019da dikkat \u00e7eken en \u00f6nemli trendlerden biri, Next Level Awards kazanan\u0131 Gravis Robotics gibi \u015firketlerin \u00f6nc\u00fcl\u00fck etti\u011fi marka ba\u011f\u0131ms\u0131z (OEM-Agnostic) otomasyon platformlar\u0131yd\u0131. Bu platformlar, farkl\u0131 \u00fcreticilerin makinelerini tek bir merkezi sistem \u00fczerinden y\u00f6neterek, \u015firketlere inan\u0131lmaz bir esneklik ve yat\u0131r\u0131m verimlili\u011fi sunuyor.<\/p>\n\n\n\n<h3 class=\"wp-block-heading\">4. Makine \u00d6tesi Elektrifikasyon<\/h3>\n\n\n\n<p>Elektrifikasyon, art\u0131k sadece bir makinenin dizel motorunu elektrikli bir motorla de\u011fi\u015ftirmekten ibaret de\u011fil. Sekt\u00f6r, t\u00fcm enerji ekosistemini yeniden d\u00fc\u015f\u00fcn\u00fcyor. Volvo CE\u2019nin sergiledi\u011fi gibi, \u015farj altyap\u0131lar\u0131, mobil batarya depolama \u00fcniteleri ve \u015fantiye i\u00e7i enerji y\u00f6netimi \u00e7\u00f6z\u00fcmleri, elektrifikasyonun ayr\u0131lmaz bir par\u00e7as\u0131 haline geldi. Bu b\u00fct\u00fcnc\u00fcl yakla\u015f\u0131m, sadece karbon emisyonlar\u0131n\u0131 azaltmakla kalm\u0131yor, ayn\u0131 zamanda g\u00fcr\u00fclt\u00fc kirlili\u011fini d\u00fc\u015f\u00fcr\u00fcyor ve i\u015fletme maliyetlerinde ciddi tasarruflar sa\u011fl\u0131yor.<\/p>\n\n\n\n<h3 class=\"wp-block-heading\">5. D\u00f6ng\u00fcsel Ekonominin Y\u00fckseli\u015fi<\/h3>\n\n\n\n<p>S\u00fcrd\u00fcr\u00fclebilirlik, art\u0131k bir \u201ctercih\u201d veya pazarlama slogan\u0131 de\u011fil, somut bir i\u015f modeli. Autodesk gibi yaz\u0131l\u0131m devleri, tasar\u0131m a\u015famas\u0131nda malzeme israf\u0131n\u0131 en aza indiren \u00e7\u00f6z\u00fcmler sunarken, bir\u00e7ok \u00fcretici de geri d\u00f6n\u00fc\u015ft\u00fcr\u00fclm\u00fc\u015f malzemelerin kullan\u0131m\u0131n\u0131 ve \u00fcr\u00fcnlerinin \u00f6m\u00fcr sonunda yeniden de\u011ferlendirilmesini te\u015fvik ediyor. D\u00f6ng\u00fcsel ekonomi prensipleri, hem gezegen i\u00e7in bir zorunluluk hem de \u015firketler i\u00e7in yeni bir verimlilik ve k\u00e2rl\u0131l\u0131k alan\u0131 yarat\u0131yor.<\/p>\n\n\n\n<h3 class=\"wp-block-heading\">6. Birle\u015fik Karma Filo Y\u00f6netimi<\/h3>\n\n\n\n<p>Geotab gibi telematik devlerinin \u00f6nc\u00fcl\u00fck etti\u011fi bu ak\u0131m, \u015fantiyedeki t\u00fcm varl\u0131klar\u0131n (i\u015f makineleri, kamyonlar, hatta el aletleri) tek bir platform \u00fczerinden izlenmesini sa\u011fl\u0131yor. Bu, sadece konum takibinden ibaret de\u011fil; yak\u0131t verimlili\u011fi, s\u00fcr\u00fcc\u00fc davran\u0131\u015f\u0131, bak\u0131m ihtiya\u00e7lar\u0131 ve kullan\u0131m oranlar\u0131 gibi kritik verilerin birle\u015ftirilerek b\u00fct\u00fcnsel bir operasyonel zeka olu\u015fturulmas\u0131 anlam\u0131na geliyor.<\/p>\n\n\n\n<h3 class=\"wp-block-heading\">7. Stratejik B\u00f6lgeselle\u015fme ve Tedarik Zinciri Direnci<\/h3>\n\n\n\n<p>Pandemi sonras\u0131 d\u00f6nemde ya\u015fanan k\u00fcresel tedarik zinciri k\u0131r\u0131lmalar\u0131, sekt\u00f6re \u00f6nemli bir ders verdi. Bir\u00e7ok b\u00fcy\u00fck \u00fcretici, art\u0131k \u00fcretimi ve tedarik zincirlerini stratejik olarak b\u00f6lgeselle\u015ftiriyor. Bu, sadece lojistik maliyetlerini d\u00fc\u015f\u00fcrmekle kalm\u0131yor, ayn\u0131 zamanda jeopolitik risklere kar\u015f\u0131 bir tampon olu\u015fturuyor ve yerel pazarlara daha h\u0131zl\u0131 yan\u0131t verme esnekli\u011fi kazand\u0131r\u0131yor.<\/p>\n\n\n\n<h3 class=\"wp-block-heading\">8. \u0130\u015f G\u00fcc\u00fc K\u0131tl\u0131\u011f\u0131na Teknoloji Odakl\u0131 \u00c7\u00f6z\u00fcmler<\/h3>\n\n\n\n<p>\u00dcnl\u00fc TV programc\u0131s\u0131 Mike Rowe\u2019un da CONEXPO\u2019da vurgulad\u0131\u011f\u0131 gibi, sekt\u00f6rdeki en b\u00fcy\u00fck krizlerden biri yetenekli i\u015f g\u00fcc\u00fc a\u00e7\u0131\u011f\u0131. Teknoloji, bu krize \u00e7ok y\u00f6nl\u00fc \u00e7\u00f6z\u00fcmler sunuyor. Otonom makineler en tehlikeli ve tekrarlayan i\u015fleri \u00fcstlenirken, art\u0131r\u0131lm\u0131\u015f ger\u00e7eklik (AR) g\u00f6zl\u00fckleri sahadaki bir teknisyene uzaktan uzman deste\u011fi sa\u011fl\u0131yor. Teknoloji, insan\u0131 denklemden \u00e7\u0131karmak yerine, onun yeteneklerini art\u0131rarak daha de\u011ferli hale getiriyor.<\/p>\n\n\n\n<h3 class=\"wp-block-heading\">9. S\u00fcrd\u00fcr\u00fclebilirli\u011fin Rekabet Avantaj\u0131 Olarak Konumlanmas\u0131<\/h3>\n\n\n\n<p>Ye\u015fil d\u00f6n\u00fc\u015f\u00fcm, art\u0131k sadece bir yasal zorunluluk veya kurumsal sosyal sorumluluk projesi de\u011fil. D\u00fc\u015f\u00fck emisyonlu makineler, daha az yak\u0131t t\u00fckettikleri i\u00e7in do\u011frudan maliyet avantaj\u0131 sa\u011fl\u0131yor. S\u00fcrd\u00fcr\u00fclebilir in\u015faat projeleri, hem \u00e7evreye duyarl\u0131 m\u00fc\u015fterileri ve yat\u0131r\u0131mc\u0131lar\u0131 \u00e7ekiyor hem de giderek s\u0131k\u0131la\u015fan reg\u00fclasyonlara uyumu kolayla\u015ft\u0131rarak \u015firketleri gelece\u011fe haz\u0131rl\u0131yor.<\/p>\n\n\n\n<h3 class=\"wp-block-heading\">10. E\u011fitimde Sanal Ger\u00e7eklik (VR) Devrimi<\/h3>\n\n\n\n<p>ForgeFX gibi \u015firketlerin sergiledi\u011fi VR tabanl\u0131 sim\u00fclat\u00f6rler, operat\u00f6r e\u011fitiminde bir devrim yarat\u0131yor. Yeni bir operat\u00f6r, milyonlarca dolarl\u0131k bir makineye binmeden \u00f6nce, t\u00fcm senaryolar\u0131 sanal bir ortamda, s\u0131f\u0131r riskle deneyimleyebiliyor. Bu, hem e\u011fitim s\u00fcresini k\u0131salt\u0131yor, hem maliyetleri d\u00fc\u015f\u00fcr\u00fcyor hem de g\u00fcvenli\u011fi en \u00fcst d\u00fczeye \u00e7\u0131kar\u0131yor.<\/p>\n\n\n\n<h3 class=\"wp-block-heading\">11. Hizmet Olarak Makine (MaaS &#8211; Machine as a Service)<\/h3>\n\n\n\n<p>\u00d6zellikle Mack Trucks gibi \u00fcreticilerin vurgulad\u0131\u011f\u0131 bu model, in\u015faat \u015firketlerinin makine sat\u0131n almak yerine, ihtiya\u00e7 duyduklar\u0131 hizmeti (\u00f6rne\u011fin, \u201cta\u015f\u0131nan ton ba\u015f\u0131na \u00f6deme\u201d) sat\u0131n almalar\u0131n\u0131 sa\u011fl\u0131yor. Bu, \u015firketlerin a\u011f\u0131r sermaye harcamalar\u0131ndan ka\u00e7\u0131nmalar\u0131na, bak\u0131m ve onar\u0131m gibi operasyonel y\u00fcklerden kurtulmalar\u0131na ve i\u015flerinin \u00f6l\u00e7e\u011fine g\u00f6re esnek bir \u015fekilde kapasite y\u00f6netmelerine olanak tan\u0131yor.<\/p>\n\n\n\n<h3 class=\"wp-block-heading\">12. Dijital \u0130kizler ve Sanal \u015eantiyeler<\/h3>\n\n\n\n<p>Bir projenin fiziksel olarak ba\u015flamadan \u00f6nce, t\u00fcm a\u015famalar\u0131n\u0131n sanal bir kopyas\u0131 (dijital ikiz) \u00fczerinde sim\u00fcle edildi\u011fi bir gelecek d\u00fc\u015f\u00fcn\u00fcn. Procore ve Autodesk gibi liderlerin sundu\u011fu bu teknoloji, potansiyel sorunlar\u0131, \u00e7ak\u0131\u015fmalar\u0131 ve verimsizlikleri daha ilk g\u00fcnden tespit etmeyi sa\u011fl\u0131yor. \u015eantiye, dijital d\u00fcnyada defalarca in\u015fa edilip optimize edildikten sonra, fiziksel d\u00fcnyada minimum hata ve maksimum verimlilikle hayata ge\u00e7iriliyor.<\/p>\n\n\n\n<p><\/p>\n\n\n\n<h2 class=\"wp-block-heading\"><strong>Sonu\u00e7: Gelece\u011fi \u0130n\u015fa Edenler Kimler Olacak?<\/strong><\/h2>\n\n\n\n<p>CONEXPO 2026, in\u015faat sekt\u00f6r\u00fcn\u00fcn yaln\u0131zca teknolojik olarak de\u011fil, zihinsel olarak da bir e\u015fik noktas\u0131na ula\u015ft\u0131\u011f\u0131n\u0131 net bi\u00e7imde ortaya koyuyor. Art\u0131k mesele daha g\u00fc\u00e7l\u00fc makineler \u00fcretmek de\u011fil; daha ak\u0131ll\u0131, daha ba\u011flant\u0131l\u0131 ve daha verimli sistemler kurabilmek.<\/p>\n\n\n\n<p>Bug\u00fcn\u00fcn rekabeti, \u00fcr\u00fcnler aras\u0131nda de\u011fil; <strong>platformlar, veri ak\u0131\u015f\u0131 ve ekosistemler aras\u0131nda ya\u015fan\u0131yor.<\/strong> Bu nedenle gelece\u011fin kazananlar\u0131:<\/p>\n\n\n\n<ul class=\"wp-block-list\">\n<li>Veriyi operasyonel karar mekanizmas\u0131n\u0131n merkezine koyan,<\/li>\n\n\n\n<li>Teknolojiyi karma\u015f\u0131kla\u015ft\u0131rmadan, sahada ger\u00e7ek faydaya d\u00f6n\u00fc\u015ft\u00fcren,<\/li>\n\n\n\n<li>\u0130nsan ve makine i\u015f birli\u011fini optimize eden,<\/li>\n\n\n\n<li>S\u00fcrd\u00fcr\u00fclebilirli\u011fi maliyet de\u011fil, performans unsuru olarak konumlayan,<\/li>\n\n\n\n<li>Ve en \u00f6nemlisi, kendi s\u0131n\u0131rlar\u0131n\u0131n \u00f6tesinde <strong>ekosistemler kurabilen<\/strong> \u015firketler olacak.<\/li>\n<\/ul>\n\n\n\n<p>\u201cDemirden zekaya\u201d ge\u00e7i\u015f, bir teknoloji yat\u0131r\u0131m\u0131 de\u011fil; bir <strong>i\u015f modeli d\u00f6n\u00fc\u015f\u00fcm\u00fcd\u00fcr.<\/strong><\/p>\n\n\n\n<hr class=\"wp-block-separator has-alpha-channel-opacity\"\/>\n\n\n\n<h2 class=\"wp-block-heading\"><strong>Prime Ajans Perspektifi<\/strong><\/h2>\n\n\n\n<p>Prime Ajans olarak bu d\u00f6n\u00fc\u015f\u00fcm\u00fc yaln\u0131zca izlemiyor, m\u00fc\u015fterilerimiz i\u00e7in anlamland\u0131r\u0131yor ve uygulanabilir stratejilere d\u00f6n\u00fc\u015ft\u00fcr\u00fcyoruz.<\/p>\n\n\n\n<p>Bu yeni d\u00f6nemde markalar i\u00e7in en kritik ihtiya\u00e7:<\/p>\n\n\n\n<p>\ud83d\udc49 karma\u015f\u0131k teknolojileri sadele\u015ftiren anlat\u0131lar kurmak<br>\ud83d\udc49 \u00fcr\u00fcn de\u011fil, \u00e7\u00f6z\u00fcm ve de\u011fer ileti\u015fimi yapmak<br>\ud83d\udc49 fuarlar\u0131 yaln\u0131zca fiziksel temas de\u011fil, \u00e7ok katmanl\u0131 bir ileti\u015fim platformuna d\u00f6n\u00fc\u015ft\u00fcrmek<\/p>\n\n\n\n<p><\/p>\n\n\n\n<p><strong>CONEXPO 2026\u2019n\u0131n ortaya koydu\u011fu ger\u00e7ek \u015fu:<\/strong><\/p>\n\n\n\n<p><strong>\u0130n\u015faat ve i\u015f makineleri sekt\u00f6r\u00fc, \u00fcr\u00fcn odakl\u0131 yap\u0131dan sistem ve platform odakl\u0131 bir modele ge\u00e7iyor.<\/strong><\/p>\n\n\n\n<p>\u00d6n\u00fcm\u00fczdeki 3 y\u0131l, bu d\u00f6n\u00fc\u015f\u00fcme adapte olan ve organizasyonlar\u0131n\u0131 bu y\u00f6nde konumland\u0131ran \u015firketlerin ayr\u0131\u015faca\u011f\u0131 bir d\u00f6nem olacak.<\/p>\n\n\n\n<p>Bu alanda rekabet etmek veya do\u011fru konumlanmak isteyenler i\u00e7in gerekli sinyaller ve stratejik y\u00f6nler, bu raporda a\u00e7\u0131k\u00e7a ortaya konuluyor.<\/p>\n\n\n\n<p><\/p>\n","protected":false},"excerpt":{"rendered":"<p>Kuzey Amerika\u2019n\u0131n en b\u00fcy\u00fck in\u015faat fuar\u0131 olan CONEXPO-CON\/AGG, her \u00fc\u00e7 y\u0131lda bir oldu\u011fu gibi bu y\u0131l da sekt\u00f6r\u00fcn gelece\u011fine dair kritik ipu\u00e7lar\u0131 sundu. Ancak 2026 bulu\u015fmas\u0131, \u00f6ncekilerden farkl\u0131 olarak, sadece daha b\u00fcy\u00fck ve g\u00fc\u00e7l\u00fc makinelerin sergilendi\u011fi bir arena olman\u0131n \u00f6tesine ge\u00e7ti. Las Vegas\u2019tan yay\u0131lan en g\u00fc\u00e7l\u00fc sinyal, sekt\u00f6r\u00fcn geri d\u00f6n\u00fclmez bir \u015fekilde \u201cDemirden Zekaya\u201d (Iron [&hellip;]<\/p>\n","protected":false},"author":1,"featured_media":0,"comment_status":"open","ping_status":"open","sticky":false,"template":"","format":"standard","meta":{"footnotes":""},"categories":[116],"tags":[],"class_list":["post-9969","post","type-post","status-publish","format-standard","hentry","category-is-dunyasi"],"aioseo_notices":[],"jetpack_featured_media_url":"","_links":{"self":[{"href":"https:\/\/primeajans.com\/tr\/wp-json\/wp\/v2\/posts\/9969","targetHints":{"allow":["GET"]}}],"collection":[{"href":"https:\/\/primeajans.com\/tr\/wp-json\/wp\/v2\/posts"}],"about":[{"href":"https:\/\/primeajans.com\/tr\/wp-json\/wp\/v2\/types\/post"}],"author":[{"embeddable":true,"href":"https:\/\/primeajans.com\/tr\/wp-json\/wp\/v2\/users\/1"}],"replies":[{"embeddable":true,"href":"https:\/\/primeajans.com\/tr\/wp-json\/wp\/v2\/comments?post=9969"}],"version-history":[{"count":1,"href":"https:\/\/primeajans.com\/tr\/wp-json\/wp\/v2\/posts\/9969\/revisions"}],"predecessor-version":[{"id":9970,"href":"https:\/\/primeajans.com\/tr\/wp-json\/wp\/v2\/posts\/9969\/revisions\/9970"}],"wp:attachment":[{"href":"https:\/\/primeajans.com\/tr\/wp-json\/wp\/v2\/media?parent=9969"}],"wp:term":[{"taxonomy":"category","embeddable":true,"href":"https:\/\/primeajans.com\/tr\/wp-json\/wp\/v2\/categories?post=9969"},{"taxonomy":"post_tag","embeddable":true,"href":"https:\/\/primeajans.com\/tr\/wp-json\/wp\/v2\/tags?post=9969"}],"curies":[{"name":"wp","href":"https:\/\/api.w.org\/{rel}","templated":true}]}}